{"id":9613,"date":"2018-02-10T16:40:34","date_gmt":"2018-02-10T15:40:34","guid":{"rendered":"http:\/\/www.spaziotorino.it\/scatto\/?p=9613"},"modified":"2018-02-12T12:13:35","modified_gmt":"2018-02-12T11:13:35","slug":"giorno-del-ricordo-2018","status":"publish","type":"post","link":"http:\/\/www.spaziotorino.it\/scatto\/?p=9613","title":{"rendered":"Giorno del Ricordo 2018"},"content":{"rendered":"<p><a class=\"ngg-fancybox\" title=\"Giorno del Ricordo 2018\" href=\"http:\/\/www.spaziotorino.it\/scatto\/wp-content\/gallery\/2018_02_09_ricordo\/IMG_0108.jpg\" rel=\"a98b18f3b48e5fe51cb4faefd5e89dc4\"><br \/>\n<img decoding=\"async\" loading=\"lazy\" class=\"ngg-singlepic\" title=\"Giorno del Ricordo 2018\" src=\"http:\/\/www.spaziotorino.it\/scatto\/wp-content\/gallery\/2018_02_09_ricordo\/IMG_0108.jpg\" alt=\"\" width=\"540\" height=\"360\"\/><\/a><\/p>\n<p><!-- index.php -->\n<div\n\tclass=\"ngg-galleryoverview ngg-ajax-pagination-none\"\n\tid=\"ngg-gallery-f2c7f0dfeda059ef3ce31f26ead1f5ca-1\">\n\n    \t\t<!-- Thumbnails -->\n\t\t\t\t<div id=\"ngg-image-0\" class=\"ngg-gallery-thumbnail-box\" >\n\t\t\t\t        <div class=\"ngg-gallery-thumbnail\">\n            <a href=\"http:\/\/www.spaziotorino.it\/scatto\/wp-content\/gallery\/2018_02_09_ricordo\/IMG_0146.jpg\"\n               title=\"Cerimonia ufficiale per la celebrazione del Giorno del Ricordo 2018 - della Tragedia delle Foibe e dell&#039;Esodo degli italiani dall&#039;Istria, Fiume e Dalmazia\"\n               data-src=\"http:\/\/www.spaziotorino.it\/scatto\/wp-content\/gallery\/2018_02_09_ricordo\/IMG_0146.jpg\"\n               data-thumbnail=\"http:\/\/www.spaziotorino.it\/scatto\/wp-content\/gallery\/2018_02_09_ricordo\/thumbs\/thumbs_IMG_0146.jpg\"\n               data-image-id=\"19782\"\n               data-title=\"Cerimonia ufficiale per la celebrazione del Giorno del Ricordo 2018 - della Tragedia delle Foibe e dell&#039;Esodo degli italiani dall&#039;Istria, Fiume e Dalmazia\"\n               data-description=\"Cerimonia ufficiale per la celebrazione del Giorno del Ricordo 2018 - della Tragedia delle Foibe e dell&#039;Esodo degli italiani dall&#039;Istria, Fiume e Dalmazia\"\n               data-image-slug=\"img_0146\"\n               class=\"ngg-fancybox\" rel=\"f2c7f0dfeda059ef3ce31f26ead1f5ca\">\n                <img\n                    title=\"Cerimonia ufficiale per la celebrazione del Giorno del Ricordo 2018 - della Tragedia delle Foibe e dell&#039;Esodo degli italiani dall&#039;Istria, Fiume e Dalmazia\"\n                    alt=\"Cerimonia ufficiale per la celebrazione del Giorno del Ricordo 2018 - della Tragedia delle Foibe e dell&#039;Esodo degli italiani dall&#039;Istria, Fiume e Dalmazia\"\n                    src=\"http:\/\/www.spaziotorino.it\/scatto\/wp-content\/gallery\/2018_02_09_ricordo\/cache\/IMG_0146.jpg-nggid0519782-ngg0dyn-60x60x100-00f0w010c011r110f110r010t010.jpg\"\n                    width=\"60\"\n                    height=\"60\"\n                    style=\"max-width:100%;\"\n                \/>\n            <\/a>\n        <\/div>\n\t\t\t\t\t\t\t<\/div> \n\t\t\t\n        \n\t\t\t\t<div id=\"ngg-image-1\" class=\"ngg-gallery-thumbnail-box\" >\n\t\t\t\t        <div class=\"ngg-gallery-thumbnail\">\n            <a href=\"http:\/\/www.spaziotorino.it\/scatto\/wp-content\/gallery\/2018_02_09_ricordo\/IMG_0143.jpg\"\n               title=\"Apre la cerimonia il consigliere comunale Andrea Russi\"\n               data-src=\"http:\/\/www.spaziotorino.it\/scatto\/wp-content\/gallery\/2018_02_09_ricordo\/IMG_0143.jpg\"\n               data-thumbnail=\"http:\/\/www.spaziotorino.it\/scatto\/wp-content\/gallery\/2018_02_09_ricordo\/thumbs\/thumbs_IMG_0143.jpg\"\n               data-image-id=\"19781\"\n               data-title=\"Apre la cerimonia il consigliere comunale Andrea Russi\"\n               data-description=\"Apre la cerimonia il consigliere comunale Andrea Russi\"\n               data-image-slug=\"img_0143\"\n               class=\"ngg-fancybox\" rel=\"f2c7f0dfeda059ef3ce31f26ead1f5ca\">\n                <img\n                    title=\"Apre la cerimonia il consigliere comunale Andrea Russi\"\n                    alt=\"Apre la cerimonia il consigliere comunale Andrea Russi\"\n                    src=\"http:\/\/www.spaziotorino.it\/scatto\/wp-content\/gallery\/2018_02_09_ricordo\/cache\/IMG_0143.jpg-nggid0519781-ngg0dyn-60x60x100-00f0w010c011r110f110r010t010.jpg\"\n                    width=\"60\"\n                    height=\"60\"\n                    style=\"max-width:100%;\"\n                \/>\n            <\/a>\n        <\/div>\n\t\t\t\t\t\t\t<\/div> \n\t\t\t\n        \n\t\t\t\t<div id=\"ngg-image-2\" class=\"ngg-gallery-thumbnail-box\" >\n\t\t\t\t        <div class=\"ngg-gallery-thumbnail\">\n            <a href=\"http:\/\/www.spaziotorino.it\/scatto\/wp-content\/gallery\/2018_02_09_ricordo\/IMG_0152.jpg\"\n               title=\"La cerimonia in Sala Rossa\"\n               data-src=\"http:\/\/www.spaziotorino.it\/scatto\/wp-content\/gallery\/2018_02_09_ricordo\/IMG_0152.jpg\"\n               data-thumbnail=\"http:\/\/www.spaziotorino.it\/scatto\/wp-content\/gallery\/2018_02_09_ricordo\/thumbs\/thumbs_IMG_0152.jpg\"\n               data-image-id=\"19783\"\n               data-title=\"La cerimonia in Sala Rossa\"\n               data-description=\"La cerimonia in Sala Rossa\"\n               data-image-slug=\"img_0152\"\n               class=\"ngg-fancybox\" rel=\"f2c7f0dfeda059ef3ce31f26ead1f5ca\">\n                <img\n                    title=\"La cerimonia in Sala Rossa\"\n                    alt=\"La cerimonia in Sala Rossa\"\n                    src=\"http:\/\/www.spaziotorino.it\/scatto\/wp-content\/gallery\/2018_02_09_ricordo\/cache\/IMG_0152.jpg-nggid0519783-ngg0dyn-60x60x100-00f0w010c011r110f110r010t010.jpg\"\n                    width=\"60\"\n                    height=\"60\"\n                    style=\"max-width:100%;\"\n                \/>\n            <\/a>\n        <\/div>\n\t\t\t\t\t\t\t<\/div> \n\t\t\t\n        \n\t\t\t\t<div id=\"ngg-image-3\" class=\"ngg-gallery-thumbnail-box\" >\n\t\t\t\t        <div class=\"ngg-gallery-thumbnail\">\n            <a href=\"http:\/\/www.spaziotorino.it\/scatto\/wp-content\/gallery\/2018_02_09_ricordo\/IMG_0163.jpg\"\n               title=\"L&#039;intervento di Nino Boeti, vicepresidente della Regione Piemonte\"\n               data-src=\"http:\/\/www.spaziotorino.it\/scatto\/wp-content\/gallery\/2018_02_09_ricordo\/IMG_0163.jpg\"\n               data-thumbnail=\"http:\/\/www.spaziotorino.it\/scatto\/wp-content\/gallery\/2018_02_09_ricordo\/thumbs\/thumbs_IMG_0163.jpg\"\n               data-image-id=\"19784\"\n               data-title=\"L&#039;intervento di Nino Boeti, vicepresidente della Regione Piemonte\"\n               data-description=\"L&#039;intervento di Nino Boeti, vicepresidente della Regione Piemonte\"\n               data-image-slug=\"img_0163\"\n               class=\"ngg-fancybox\" rel=\"f2c7f0dfeda059ef3ce31f26ead1f5ca\">\n                <img\n                    title=\"L&#039;intervento di Nino Boeti, vicepresidente della Regione Piemonte\"\n                    alt=\"L&#039;intervento di Nino Boeti, vicepresidente della Regione Piemonte\"\n                    src=\"http:\/\/www.spaziotorino.it\/scatto\/wp-content\/gallery\/2018_02_09_ricordo\/cache\/IMG_0163.jpg-nggid0519784-ngg0dyn-60x60x100-00f0w010c011r110f110r010t010.jpg\"\n                    width=\"60\"\n                    height=\"60\"\n                    style=\"max-width:100%;\"\n                \/>\n            <\/a>\n        <\/div>\n\t\t\t\t\t\t\t<\/div> \n\t\t\t\n        \n\t\t\t\t<div id=\"ngg-image-4\" class=\"ngg-gallery-thumbnail-box\" >\n\t\t\t\t        <div class=\"ngg-gallery-thumbnail\">\n            <a href=\"http:\/\/www.spaziotorino.it\/scatto\/wp-content\/gallery\/2018_02_09_ricordo\/IMG_0178.jpg\"\n               title=\"Antonio Vatta, presidente regionale dell&#039;Associazione nazionale Venezia Giulia e Dalmazia\"\n               data-src=\"http:\/\/www.spaziotorino.it\/scatto\/wp-content\/gallery\/2018_02_09_ricordo\/IMG_0178.jpg\"\n               data-thumbnail=\"http:\/\/www.spaziotorino.it\/scatto\/wp-content\/gallery\/2018_02_09_ricordo\/thumbs\/thumbs_IMG_0178.jpg\"\n               data-image-id=\"19785\"\n               data-title=\"Antonio Vatta, presidente regionale dell&#039;Associazione nazionale Venezia Giulia e Dalmazia\"\n               data-description=\"Antonio Vatta, presidente regionale dell&#039;Associazione nazionale Venezia Giulia e Dalmazia\"\n               data-image-slug=\"img_0178\"\n               class=\"ngg-fancybox\" rel=\"f2c7f0dfeda059ef3ce31f26ead1f5ca\">\n                <img\n                    title=\"Antonio Vatta, presidente regionale dell&#039;Associazione nazionale Venezia Giulia e Dalmazia\"\n                    alt=\"Antonio Vatta, presidente regionale dell&#039;Associazione nazionale Venezia Giulia e Dalmazia\"\n                    src=\"http:\/\/www.spaziotorino.it\/scatto\/wp-content\/gallery\/2018_02_09_ricordo\/cache\/IMG_0178.jpg-nggid0519785-ngg0dyn-60x60x100-00f0w010c011r110f110r010t010.jpg\"\n                    width=\"60\"\n                    height=\"60\"\n                    style=\"max-width:100%;\"\n                \/>\n            <\/a>\n        <\/div>\n\t\t\t\t\t\t\t<\/div> \n\t\t\t\n        \n\t\t\t\t<div id=\"ngg-image-5\" class=\"ngg-gallery-thumbnail-box\" >\n\t\t\t\t        <div class=\"ngg-gallery-thumbnail\">\n            <a href=\"http:\/\/www.spaziotorino.it\/scatto\/wp-content\/gallery\/2018_02_09_ricordo\/IMG_0182.jpg\"\n               title=\"Antonio Vatta, presidente regionale dell&#039;Associazione nazionale Venezia Giulia e Dalmazia\"\n               data-src=\"http:\/\/www.spaziotorino.it\/scatto\/wp-content\/gallery\/2018_02_09_ricordo\/IMG_0182.jpg\"\n               data-thumbnail=\"http:\/\/www.spaziotorino.it\/scatto\/wp-content\/gallery\/2018_02_09_ricordo\/thumbs\/thumbs_IMG_0182.jpg\"\n               data-image-id=\"19786\"\n               data-title=\"Antonio Vatta, presidente regionale dell&#039;Associazione nazionale Venezia Giulia e Dalmazia\"\n               data-description=\"Antonio Vatta, presidente regionale dell&#039;Associazione nazionale Venezia Giulia e Dalmazia\"\n               data-image-slug=\"img_0182\"\n               class=\"ngg-fancybox\" rel=\"f2c7f0dfeda059ef3ce31f26ead1f5ca\">\n                <img\n                    title=\"Antonio Vatta, presidente regionale dell&#039;Associazione nazionale Venezia Giulia e Dalmazia\"\n                    alt=\"Antonio Vatta, presidente regionale dell&#039;Associazione nazionale Venezia Giulia e Dalmazia\"\n                    src=\"http:\/\/www.spaziotorino.it\/scatto\/wp-content\/gallery\/2018_02_09_ricordo\/cache\/IMG_0182.jpg-nggid0519786-ngg0dyn-60x60x100-00f0w010c011r110f110r010t010.jpg\"\n                    width=\"60\"\n                    height=\"60\"\n                    style=\"max-width:100%;\"\n                \/>\n            <\/a>\n        <\/div>\n\t\t\t\t\t\t\t<\/div> \n\t\t\t\n        \n\t\t\t\t<div id=\"ngg-image-6\" class=\"ngg-gallery-thumbnail-box\" >\n\t\t\t\t        <div class=\"ngg-gallery-thumbnail\">\n            <a href=\"http:\/\/www.spaziotorino.it\/scatto\/wp-content\/gallery\/2018_02_09_ricordo\/IMG_0185.jpg\"\n               title=\"Sala Rossa: Cerimonia ufficiale per la celebrazione del Giorno del Ricordo 2018\"\n               data-src=\"http:\/\/www.spaziotorino.it\/scatto\/wp-content\/gallery\/2018_02_09_ricordo\/IMG_0185.jpg\"\n               data-thumbnail=\"http:\/\/www.spaziotorino.it\/scatto\/wp-content\/gallery\/2018_02_09_ricordo\/thumbs\/thumbs_IMG_0185.jpg\"\n               data-image-id=\"19787\"\n               data-title=\"Sala Rossa: Cerimonia ufficiale per la celebrazione del Giorno del Ricordo 2018\"\n               data-description=\"Sala Rossa: Cerimonia ufficiale per la celebrazione del Giorno del Ricordo 2018\"\n               data-image-slug=\"img_0185\"\n               class=\"ngg-fancybox\" rel=\"f2c7f0dfeda059ef3ce31f26ead1f5ca\">\n                <img\n                    title=\"Sala Rossa: Cerimonia ufficiale per la celebrazione del Giorno del Ricordo 2018\"\n                    alt=\"Sala Rossa: Cerimonia ufficiale per la celebrazione del Giorno del Ricordo 2018\"\n                    src=\"http:\/\/www.spaziotorino.it\/scatto\/wp-content\/gallery\/2018_02_09_ricordo\/cache\/IMG_0185.jpg-nggid0519787-ngg0dyn-60x60x100-00f0w010c011r110f110r010t010.jpg\"\n                    width=\"60\"\n                    height=\"60\"\n                    style=\"max-width:100%;\"\n                \/>\n            <\/a>\n        <\/div>\n\t\t\t\t\t\t\t<\/div> \n\t\t\t\n        \n\t\t\t\t<div id=\"ngg-image-7\" class=\"ngg-gallery-thumbnail-box\" >\n\t\t\t\t        <div class=\"ngg-gallery-thumbnail\">\n            <a href=\"http:\/\/www.spaziotorino.it\/scatto\/wp-content\/gallery\/2018_02_09_ricordo\/IMG_0209.jpg\"\n               title=\"Sala Rossa: Cerimonia ufficiale per la celebrazione del Giorno del Ricordo 2018\"\n               data-src=\"http:\/\/www.spaziotorino.it\/scatto\/wp-content\/gallery\/2018_02_09_ricordo\/IMG_0209.jpg\"\n               data-thumbnail=\"http:\/\/www.spaziotorino.it\/scatto\/wp-content\/gallery\/2018_02_09_ricordo\/thumbs\/thumbs_IMG_0209.jpg\"\n               data-image-id=\"19788\"\n               data-title=\"Sala Rossa: Cerimonia ufficiale per la celebrazione del Giorno del Ricordo 2018\"\n               data-description=\"Sala Rossa: Cerimonia ufficiale per la celebrazione del Giorno del Ricordo 2018\"\n               data-image-slug=\"img_0209\"\n               class=\"ngg-fancybox\" rel=\"f2c7f0dfeda059ef3ce31f26ead1f5ca\">\n                <img\n                    title=\"Sala Rossa: Cerimonia ufficiale per la celebrazione del Giorno del Ricordo 2018\"\n                    alt=\"Sala Rossa: Cerimonia ufficiale per la celebrazione del Giorno del Ricordo 2018\"\n                    src=\"http:\/\/www.spaziotorino.it\/scatto\/wp-content\/gallery\/2018_02_09_ricordo\/cache\/IMG_0209.jpg-nggid0519788-ngg0dyn-60x60x100-00f0w010c011r110f110r010t010.jpg\"\n                    width=\"60\"\n                    height=\"60\"\n                    style=\"max-width:100%;\"\n                \/>\n            <\/a>\n        <\/div>\n\t\t\t\t\t\t\t<\/div> \n\t\t\t\n        \n\t\t\t\t<div id=\"ngg-image-8\" class=\"ngg-gallery-thumbnail-box\" >\n\t\t\t\t        <div class=\"ngg-gallery-thumbnail\">\n            <a href=\"http:\/\/www.spaziotorino.it\/scatto\/wp-content\/gallery\/2018_02_09_ricordo\/IMG_0108.jpg\"\n               title=\"Giorno del Ricordo 2018\"\n               data-src=\"http:\/\/www.spaziotorino.it\/scatto\/wp-content\/gallery\/2018_02_09_ricordo\/IMG_0108.jpg\"\n               data-thumbnail=\"http:\/\/www.spaziotorino.it\/scatto\/wp-content\/gallery\/2018_02_09_ricordo\/thumbs\/thumbs_IMG_0108.jpg\"\n               data-image-id=\"19780\"\n               data-title=\"Giorno del Ricordo 2018\"\n               data-description=\"Giorno del Ricordo 2018\"\n               data-image-slug=\"img_0108\"\n               class=\"ngg-fancybox\" rel=\"f2c7f0dfeda059ef3ce31f26ead1f5ca\">\n                <img\n                    title=\"Giorno del Ricordo 2018\"\n                    alt=\"Giorno del Ricordo 2018\"\n                    src=\"http:\/\/www.spaziotorino.it\/scatto\/wp-content\/gallery\/2018_02_09_ricordo\/cache\/IMG_0108.jpg-nggid0519780-ngg0dyn-60x60x100-00f0w010c011r110f110r010t010.jpg\"\n                    width=\"60\"\n                    height=\"60\"\n                    style=\"max-width:100%;\"\n                \/>\n            <\/a>\n        <\/div>\n\t\t\t\t\t\t\t<\/div> \n\t\t\t\n        \n\t\t\n\t\t<!-- Pagination -->\n\t<div class='ngg-clear'><\/div>\t<\/div>\n<br \/>\n<!-- index.php -->\n<div\n\tclass=\"ngg-galleryoverview ngg-ajax-pagination-none\"\n\tid=\"ngg-gallery-e16f8aa7bbcf66776512186b95f6a4bb-1\">\n\n    \t\t<!-- Thumbnails -->\n\t\t\t\t<div id=\"ngg-image-0\" class=\"ngg-gallery-thumbnail-box\" >\n\t\t\t\t        <div class=\"ngg-gallery-thumbnail\">\n            <a href=\"http:\/\/www.spaziotorino.it\/scatto\/wp-content\/gallery\/2018_02_10_ricordo\/DSC_0008.jpg\"\n               title=\"I labari al Duomo di Torino\"\n               data-src=\"http:\/\/www.spaziotorino.it\/scatto\/wp-content\/gallery\/2018_02_10_ricordo\/DSC_0008.jpg\"\n               data-thumbnail=\"http:\/\/www.spaziotorino.it\/scatto\/wp-content\/gallery\/2018_02_10_ricordo\/thumbs\/thumbs_DSC_0008.jpg\"\n               data-image-id=\"19789\"\n               data-title=\"I labari al Duomo di Torino\"\n               data-description=\"I labari al Duomo di Torino\"\n               data-image-slug=\"dsc_0008\"\n               class=\"ngg-fancybox\" rel=\"e16f8aa7bbcf66776512186b95f6a4bb\">\n                <img\n                    title=\"I labari al Duomo di Torino\"\n                    alt=\"I labari al Duomo di Torino\"\n                    src=\"http:\/\/www.spaziotorino.it\/scatto\/wp-content\/gallery\/2018_02_10_ricordo\/cache\/DSC_0008.jpg-nggid0519789-ngg0dyn-60x60x100-00f0w010c011r110f110r010t010.jpg\"\n                    width=\"60\"\n                    height=\"60\"\n                    style=\"max-width:100%;\"\n                \/>\n            <\/a>\n        <\/div>\n\t\t\t\t\t\t\t<\/div> \n\t\t\t\n        \n\t\t\t\t<div id=\"ngg-image-1\" class=\"ngg-gallery-thumbnail-box\" >\n\t\t\t\t        <div class=\"ngg-gallery-thumbnail\">\n            <a href=\"http:\/\/www.spaziotorino.it\/scatto\/wp-content\/gallery\/2018_02_10_ricordo\/DSC_0016.jpg\"\n               title=\"La messa per il Giorno del Ricordo al Duomo\"\n               data-src=\"http:\/\/www.spaziotorino.it\/scatto\/wp-content\/gallery\/2018_02_10_ricordo\/DSC_0016.jpg\"\n               data-thumbnail=\"http:\/\/www.spaziotorino.it\/scatto\/wp-content\/gallery\/2018_02_10_ricordo\/thumbs\/thumbs_DSC_0016.jpg\"\n               data-image-id=\"19790\"\n               data-title=\"La messa per il Giorno del Ricordo al Duomo\"\n               data-description=\"La messa per il Giorno del Ricordo al Duomo\"\n               data-image-slug=\"dsc_0016\"\n               class=\"ngg-fancybox\" rel=\"e16f8aa7bbcf66776512186b95f6a4bb\">\n                <img\n                    title=\"La messa per il Giorno del Ricordo al Duomo\"\n                    alt=\"La messa per il Giorno del Ricordo al Duomo\"\n                    src=\"http:\/\/www.spaziotorino.it\/scatto\/wp-content\/gallery\/2018_02_10_ricordo\/cache\/DSC_0016.jpg-nggid0519790-ngg0dyn-60x60x100-00f0w010c011r110f110r010t010.jpg\"\n                    width=\"60\"\n                    height=\"60\"\n                    style=\"max-width:100%;\"\n                \/>\n            <\/a>\n        <\/div>\n\t\t\t\t\t\t\t<\/div> \n\t\t\t\n        \n\t\t\t\t<div id=\"ngg-image-2\" class=\"ngg-gallery-thumbnail-box\" >\n\t\t\t\t        <div class=\"ngg-gallery-thumbnail\">\n            <a href=\"http:\/\/www.spaziotorino.it\/scatto\/wp-content\/gallery\/2018_02_10_ricordo\/DSC_0030.jpg\"\n               title=\"Il Monumento degli Esuli Dalmati e Istriani\"\n               data-src=\"http:\/\/www.spaziotorino.it\/scatto\/wp-content\/gallery\/2018_02_10_ricordo\/DSC_0030.jpg\"\n               data-thumbnail=\"http:\/\/www.spaziotorino.it\/scatto\/wp-content\/gallery\/2018_02_10_ricordo\/thumbs\/thumbs_DSC_0030.jpg\"\n               data-image-id=\"19791\"\n               data-title=\"Il Monumento degli Esuli Dalmati e Istriani\"\n               data-description=\"Il Monumento degli Esuli Dalmati e Istriani\"\n               data-image-slug=\"dsc_0030-1\"\n               class=\"ngg-fancybox\" rel=\"e16f8aa7bbcf66776512186b95f6a4bb\">\n                <img\n                    title=\"Il Monumento degli Esuli Dalmati e Istriani\"\n                    alt=\"Il Monumento degli Esuli Dalmati e Istriani\"\n                    src=\"http:\/\/www.spaziotorino.it\/scatto\/wp-content\/gallery\/2018_02_10_ricordo\/cache\/DSC_0030.jpg-nggid0519791-ngg0dyn-60x60x100-00f0w010c011r110f110r010t010.jpg\"\n                    width=\"60\"\n                    height=\"60\"\n                    style=\"max-width:100%;\"\n                \/>\n            <\/a>\n        <\/div>\n\t\t\t\t\t\t\t<\/div> \n\t\t\t\n        \n\t\t\t\t<div id=\"ngg-image-3\" class=\"ngg-gallery-thumbnail-box\" >\n\t\t\t\t        <div class=\"ngg-gallery-thumbnail\">\n            <a href=\"http:\/\/www.spaziotorino.it\/scatto\/wp-content\/gallery\/2018_02_10_ricordo\/DSC_0041.jpg\"\n               title=\"La celebrazione del Giorno del Ricordo al Cimitero Monumentale\"\n               data-src=\"http:\/\/www.spaziotorino.it\/scatto\/wp-content\/gallery\/2018_02_10_ricordo\/DSC_0041.jpg\"\n               data-thumbnail=\"http:\/\/www.spaziotorino.it\/scatto\/wp-content\/gallery\/2018_02_10_ricordo\/thumbs\/thumbs_DSC_0041.jpg\"\n               data-image-id=\"19792\"\n               data-title=\"La celebrazione del Giorno del Ricordo al Cimitero Monumentale\"\n               data-description=\"La celebrazione del Giorno del Ricordo al Cimitero Monumentale\"\n               data-image-slug=\"dsc_0041\"\n               class=\"ngg-fancybox\" rel=\"e16f8aa7bbcf66776512186b95f6a4bb\">\n                <img\n                    title=\"La celebrazione del Giorno del Ricordo al Cimitero Monumentale\"\n                    alt=\"La celebrazione del Giorno del Ricordo al Cimitero Monumentale\"\n                    src=\"http:\/\/www.spaziotorino.it\/scatto\/wp-content\/gallery\/2018_02_10_ricordo\/cache\/DSC_0041.jpg-nggid0519792-ngg0dyn-60x60x100-00f0w010c011r110f110r010t010.jpg\"\n                    width=\"60\"\n                    height=\"60\"\n                    style=\"max-width:100%;\"\n                \/>\n            <\/a>\n        <\/div>\n\t\t\t\t\t\t\t<\/div> \n\t\t\t\n        \n\t\t\t\t<div id=\"ngg-image-4\" class=\"ngg-gallery-thumbnail-box\" >\n\t\t\t\t        <div class=\"ngg-gallery-thumbnail\">\n            <a href=\"http:\/\/www.spaziotorino.it\/scatto\/wp-content\/gallery\/2018_02_10_ricordo\/DSC_0047.jpg\"\n               title=\"La celebrazione del Giorno del Ricordo al Cimitero Monumentale\"\n               data-src=\"http:\/\/www.spaziotorino.it\/scatto\/wp-content\/gallery\/2018_02_10_ricordo\/DSC_0047.jpg\"\n               data-thumbnail=\"http:\/\/www.spaziotorino.it\/scatto\/wp-content\/gallery\/2018_02_10_ricordo\/thumbs\/thumbs_DSC_0047.jpg\"\n               data-image-id=\"19793\"\n               data-title=\"La celebrazione del Giorno del Ricordo al Cimitero Monumentale\"\n               data-description=\"La celebrazione del Giorno del Ricordo al Cimitero Monumentale\"\n               data-image-slug=\"dsc_0047\"\n               class=\"ngg-fancybox\" rel=\"e16f8aa7bbcf66776512186b95f6a4bb\">\n                <img\n                    title=\"La celebrazione del Giorno del Ricordo al Cimitero Monumentale\"\n                    alt=\"La celebrazione del Giorno del Ricordo al Cimitero Monumentale\"\n                    src=\"http:\/\/www.spaziotorino.it\/scatto\/wp-content\/gallery\/2018_02_10_ricordo\/cache\/DSC_0047.jpg-nggid0519793-ngg0dyn-60x60x100-00f0w010c011r110f110r010t010.jpg\"\n                    width=\"60\"\n                    height=\"60\"\n                    style=\"max-width:100%;\"\n                \/>\n            <\/a>\n        <\/div>\n\t\t\t\t\t\t\t<\/div> \n\t\t\t\n        \n\t\t\t\t<div id=\"ngg-image-5\" class=\"ngg-gallery-thumbnail-box\" >\n\t\t\t\t        <div class=\"ngg-gallery-thumbnail\">\n            <a href=\"http:\/\/www.spaziotorino.it\/scatto\/wp-content\/gallery\/2018_02_10_ricordo\/DSC_0048.jpg\"\n               title=\"La celebrazione del Giorno del Ricordo al Cimitero Monumentale\"\n               data-src=\"http:\/\/www.spaziotorino.it\/scatto\/wp-content\/gallery\/2018_02_10_ricordo\/DSC_0048.jpg\"\n               data-thumbnail=\"http:\/\/www.spaziotorino.it\/scatto\/wp-content\/gallery\/2018_02_10_ricordo\/thumbs\/thumbs_DSC_0048.jpg\"\n               data-image-id=\"19794\"\n               data-title=\"La celebrazione del Giorno del Ricordo al Cimitero Monumentale\"\n               data-description=\"La celebrazione del Giorno del Ricordo al Cimitero Monumentale\"\n               data-image-slug=\"dsc_0048\"\n               class=\"ngg-fancybox\" rel=\"e16f8aa7bbcf66776512186b95f6a4bb\">\n                <img\n                    title=\"La celebrazione del Giorno del Ricordo al Cimitero Monumentale\"\n                    alt=\"La celebrazione del Giorno del Ricordo al Cimitero Monumentale\"\n                    src=\"http:\/\/www.spaziotorino.it\/scatto\/wp-content\/gallery\/2018_02_10_ricordo\/cache\/DSC_0048.jpg-nggid0519794-ngg0dyn-60x60x100-00f0w010c011r110f110r010t010.jpg\"\n                    width=\"60\"\n                    height=\"60\"\n                    style=\"max-width:100%;\"\n                \/>\n            <\/a>\n        <\/div>\n\t\t\t\t\t\t\t<\/div> \n\t\t\t\n        \n\t\t\t\t<div id=\"ngg-image-6\" class=\"ngg-gallery-thumbnail-box\" >\n\t\t\t\t        <div class=\"ngg-gallery-thumbnail\">\n            <a href=\"http:\/\/www.spaziotorino.it\/scatto\/wp-content\/gallery\/2018_02_10_ricordo\/DSC_0052.jpg\"\n               title=\"La corona d&#039;alloro della Citt\u00e0 di Torino\"\n               data-src=\"http:\/\/www.spaziotorino.it\/scatto\/wp-content\/gallery\/2018_02_10_ricordo\/DSC_0052.jpg\"\n               data-thumbnail=\"http:\/\/www.spaziotorino.it\/scatto\/wp-content\/gallery\/2018_02_10_ricordo\/thumbs\/thumbs_DSC_0052.jpg\"\n               data-image-id=\"19795\"\n               data-title=\"La corona d&#039;alloro della Citt\u00e0 di Torino\"\n               data-description=\"La corona d&#039;alloro della Citt\u00e0 di Torino\"\n               data-image-slug=\"dsc_0052\"\n               class=\"ngg-fancybox\" rel=\"e16f8aa7bbcf66776512186b95f6a4bb\">\n                <img\n                    title=\"La corona d&#039;alloro della Citt\u00e0 di Torino\"\n                    alt=\"La corona d&#039;alloro della Citt\u00e0 di Torino\"\n                    src=\"http:\/\/www.spaziotorino.it\/scatto\/wp-content\/gallery\/2018_02_10_ricordo\/cache\/DSC_0052.jpg-nggid0519795-ngg0dyn-60x60x100-00f0w010c011r110f110r010t010.jpg\"\n                    width=\"60\"\n                    height=\"60\"\n                    style=\"max-width:100%;\"\n                \/>\n            <\/a>\n        <\/div>\n\t\t\t\t\t\t\t<\/div> \n\t\t\t\n        \n\t\t\t\t<div id=\"ngg-image-7\" class=\"ngg-gallery-thumbnail-box\" >\n\t\t\t\t        <div class=\"ngg-gallery-thumbnail\">\n            <a href=\"http:\/\/www.spaziotorino.it\/scatto\/wp-content\/gallery\/2018_02_10_ricordo\/DSC_0068.jpg\"\n               title=\"Antonio Vatta\"\n               data-src=\"http:\/\/www.spaziotorino.it\/scatto\/wp-content\/gallery\/2018_02_10_ricordo\/DSC_0068.jpg\"\n               data-thumbnail=\"http:\/\/www.spaziotorino.it\/scatto\/wp-content\/gallery\/2018_02_10_ricordo\/thumbs\/thumbs_DSC_0068.jpg\"\n               data-image-id=\"19796\"\n               data-title=\"Antonio Vatta\"\n               data-description=\"Antonio Vatta\"\n               data-image-slug=\"dsc_0068\"\n               class=\"ngg-fancybox\" rel=\"e16f8aa7bbcf66776512186b95f6a4bb\">\n                <img\n                    title=\"Antonio Vatta\"\n                    alt=\"Antonio Vatta\"\n                    src=\"http:\/\/www.spaziotorino.it\/scatto\/wp-content\/gallery\/2018_02_10_ricordo\/cache\/DSC_0068.jpg-nggid0519796-ngg0dyn-60x60x100-00f0w010c011r110f110r010t010.jpg\"\n                    width=\"60\"\n                    height=\"60\"\n                    style=\"max-width:100%;\"\n                \/>\n            <\/a>\n        <\/div>\n\t\t\t\t\t\t\t<\/div> \n\t\t\t\n        \n\t\t\t\t<div id=\"ngg-image-8\" class=\"ngg-gallery-thumbnail-box\" >\n\t\t\t\t        <div class=\"ngg-gallery-thumbnail\">\n            <a href=\"http:\/\/www.spaziotorino.it\/scatto\/wp-content\/gallery\/2018_02_10_ricordo\/DSC_0075.jpg\"\n               title=\"La celebrazione del Giorno del Ricordo al Cimitero Monumentale\"\n               data-src=\"http:\/\/www.spaziotorino.it\/scatto\/wp-content\/gallery\/2018_02_10_ricordo\/DSC_0075.jpg\"\n               data-thumbnail=\"http:\/\/www.spaziotorino.it\/scatto\/wp-content\/gallery\/2018_02_10_ricordo\/thumbs\/thumbs_DSC_0075.jpg\"\n               data-image-id=\"19797\"\n               data-title=\"La celebrazione del Giorno del Ricordo al Cimitero Monumentale\"\n               data-description=\"La celebrazione del Giorno del Ricordo al Cimitero Monumentale\"\n               data-image-slug=\"dsc_0075\"\n               class=\"ngg-fancybox\" rel=\"e16f8aa7bbcf66776512186b95f6a4bb\">\n                <img\n                    title=\"La celebrazione del Giorno del Ricordo al Cimitero Monumentale\"\n                    alt=\"La celebrazione del Giorno del Ricordo al Cimitero Monumentale\"\n                    src=\"http:\/\/www.spaziotorino.it\/scatto\/wp-content\/gallery\/2018_02_10_ricordo\/cache\/DSC_0075.jpg-nggid0519797-ngg0dyn-60x60x100-00f0w010c011r110f110r010t010.jpg\"\n                    width=\"60\"\n                    height=\"60\"\n                    style=\"max-width:100%;\"\n                \/>\n            <\/a>\n        <\/div>\n\t\t\t\t\t\t\t<\/div> \n\t\t\t\n        \n\t\t\t\t<div id=\"ngg-image-9\" class=\"ngg-gallery-thumbnail-box\" >\n\t\t\t\t        <div class=\"ngg-gallery-thumbnail\">\n            <a href=\"http:\/\/www.spaziotorino.it\/scatto\/wp-content\/gallery\/2018_02_10_ricordo\/DSC_0086.jpg\"\n               title=\"La celebrazione del Giorno del Ricordo al Cimitero Monumentale\"\n               data-src=\"http:\/\/www.spaziotorino.it\/scatto\/wp-content\/gallery\/2018_02_10_ricordo\/DSC_0086.jpg\"\n               data-thumbnail=\"http:\/\/www.spaziotorino.it\/scatto\/wp-content\/gallery\/2018_02_10_ricordo\/thumbs\/thumbs_DSC_0086.jpg\"\n               data-image-id=\"19798\"\n               data-title=\"La celebrazione del Giorno del Ricordo al Cimitero Monumentale\"\n               data-description=\"La celebrazione del Giorno del Ricordo al Cimitero Monumentale\"\n               data-image-slug=\"dsc_0086\"\n               class=\"ngg-fancybox\" rel=\"e16f8aa7bbcf66776512186b95f6a4bb\">\n                <img\n                    title=\"La celebrazione del Giorno del Ricordo al Cimitero Monumentale\"\n                    alt=\"La celebrazione del Giorno del Ricordo al Cimitero Monumentale\"\n                    src=\"http:\/\/www.spaziotorino.it\/scatto\/wp-content\/gallery\/2018_02_10_ricordo\/cache\/DSC_0086.jpg-nggid0519798-ngg0dyn-60x60x100-00f0w010c011r110f110r010t010.jpg\"\n                    width=\"60\"\n                    height=\"60\"\n                    style=\"max-width:100%;\"\n                \/>\n            <\/a>\n        <\/div>\n\t\t\t\t\t\t\t<\/div> \n\t\t\t\n        \n\t\t\n\t\t<!-- Pagination -->\n\t<div class='ngg-clear'><\/div>\t<\/div>\n<\/p>\n<p><iframe data-cc-src=\"https:\/\/www.youtube-nocookie.com\/embed\/gxo4X5r7yEg\" title=\"YouTube video player\" data-consent=\"youtube\" data-block=\"show\" allow=\"accelerometer; autoplay; clipboard-write; encrypted-media; gyroscope; picture-in-picture\" allowfullscreen=\"\" width=\"540\" height=\"360\" frameborder=\"0\"><\/iframe><\/p>\n<p>Nel settantunesimo anniversario della tragedia delle foibe e dell\u2019esodo degli Istriani, Fiumani e Dalmati, la Citt\u00e0 ha ricordato le vittime e gli esuli con diverse cerimonie.<\/p>\n<p>Sabato 10 febbraio \u00e8 stata celebrata la messa al Duomo di Torino e successivamente la cerimonia al Cimitero Monumentale presso il Monumento loro dedicato, realizzato dallo scultore istriano Michele Privileggi. L\u2019opera in bronzo e pietra \u00e8 costituita da due sfere, simbolo di due mondi, che si incontrano e si espandono.  Alla commemorazione erano presenti le Autorit\u00e0 civili, religiose e militari ed il Comitato di Torino dell\u2019Associazione Nazionale Venezia Giulia e Dalmazia (A.N.V.G.D).  <\/p>\n<p>Nella Sala Rossa di Palazzo Civico si \u00e8 svolta, venerd\u00ec 9, la celebrazione ufficiale del Giorno del Ricordo 2018 alla presenza della autorit\u00e0 civili e militari e delle associazioni di esuli.<\/p>\n<p>Riportare la memoria alla tragedia delle foibe e dell\u2019esodo di istriani, fiumani e dalmati \u00e8 lo scopo del Giorno del Ricordo, istituito il 10 febbraio di 13 anni fa per riportare all&#8217;attenzione degli italiani una triste pagina della nostra storia.<\/p>\n<p>Le occupazioni tedesca e italiana del nord della Jugoslavia nel corso del secondo conflitto mondiale scatenarono una reazione antitaliana nel nord della Jugoslavia e i partigiani di Tito si spinsero ad occupare gran parte dei territori italiani di confine. Grazie all\u2019intervento degli Alleati, in prima istanza delle truppe neozelandesi, la loro avanzata venne fermata, ma nei territori occupati, contro i nostri connazionali, si scaten\u00f2 una dura repressione, con deportazioni e uccisioni di massa. Nelle foibe, grotte naturali che puntellano la superficie del Carso, tra il 1943 e il 1947, vennero uccise almeno 20mila persone e 250mila persone dovettero fuggire e in gran parte emigrare.<\/p>\n<p>Altri appuntamenti si terranno la settimana successiva: gioved\u00ec 15 alle 10,30 la posa della corona sulla targa posta in via Pirano, nel quartiere Vallette, e il concerto dell\u2019Orchestra Mandolinistica della Citt\u00e0 di Torino domenica 18 alle 20,30 nella sala del Conservatorio .<\/p>\n<p>Tutti gli appuntamenti e tutte le informazioni sono disponibili nell&#8217;<a href=\"http:\/\/www.cimiteritorino.it\/wp-content\/uploads\/GiornoRicordo2018.pdf\">opuscolo<\/a>&nbsp;stampato dalla Citt\u00e0 di Torino.<\/p>\n","protected":false},"excerpt":{"rendered":"<p>Nel settantunesimo anniversario della tragedia delle foibe e dell\u2019esodo degli Istriani, Fiumani e Dalmati, la Citt\u00e0 ha ricordato le vittime e gli esuli con diverse cerimonie. Sabato 10 febbraio \u00e8 stata celebrata la messa al Duomo di Torino e successivamente la cerimonia al Cimitero Monumentale presso il Monumento loro dedicato, realizzato dallo scultore istriano Michele [&hellip;]<\/p>\n","protected":false},"author":1,"featured_media":0,"comment_status":"closed","ping_status":"open","sticky":false,"template":"","format":"standard","meta":{"ngg_post_thumbnail":0},"categories":[1,895],"tags":[4732,4734,2799,2857,2217,4733,3050,3565,2969,2216,4735,3319,4084],"_links":{"self":[{"href":"http:\/\/www.spaziotorino.it\/scatto\/index.php?rest_route=\/wp\/v2\/posts\/9613"}],"collection":[{"href":"http:\/\/www.spaziotorino.it\/scatto\/index.php?rest_route=\/wp\/v2\/posts"}],"about":[{"href":"http:\/\/www.spaziotorino.it\/scatto\/index.php?rest_route=\/wp\/v2\/types\/post"}],"author":[{"embeddable":true,"href":"http:\/\/www.spaziotorino.it\/scatto\/index.php?rest_route=\/wp\/v2\/users\/1"}],"replies":[{"embeddable":true,"href":"http:\/\/www.spaziotorino.it\/scatto\/index.php?rest_route=%2Fwp%2Fv2%2Fcomments&post=9613"}],"version-history":[{"count":6,"href":"http:\/\/www.spaziotorino.it\/scatto\/index.php?rest_route=\/wp\/v2\/posts\/9613\/revisions"}],"predecessor-version":[{"id":9641,"href":"http:\/\/www.spaziotorino.it\/scatto\/index.php?rest_route=\/wp\/v2\/posts\/9613\/revisions\/9641"}],"wp:attachment":[{"href":"http:\/\/www.spaziotorino.it\/scatto\/index.php?rest_route=%2Fwp%2Fv2%2Fmedia&parent=9613"}],"wp:term":[{"taxonomy":"category","embeddable":true,"href":"http:\/\/www.spaziotorino.it\/scatto\/index.php?rest_route=%2Fwp%2Fv2%2Fcategories&post=9613"},{"taxonomy":"post_tag","embeddable":true,"href":"http:\/\/www.spaziotorino.it\/scatto\/index.php?rest_route=%2Fwp%2Fv2%2Ftags&post=9613"}],"curies":[{"name":"wp","href":"https:\/\/api.w.org\/{rel}","templated":true}]}}